{"id":6010,"date":"2023-04-03T17:05:15","date_gmt":"2023-04-03T17:05:15","guid":{"rendered":"https:\/\/semearvalores.pt\/?p=6010"},"modified":"2023-06-12T17:49:01","modified_gmt":"2023-06-12T17:49:01","slug":"abril-2023","status":"publish","type":"post","link":"https:\/\/semearvalores.pt\/index.php\/2023\/04\/03\/abril-2023\/","title":{"rendered":"Abril 2023"},"content":{"rendered":"\t\t<div data-elementor-type=\"wp-post\" data-elementor-id=\"6010\" class=\"elementor elementor-6010\" data-elementor-post-type=\"post\">\n\t\t\t\t\t\t<section class=\"elementor-section elementor-top-section elementor-element elementor-element-b3a05fd elementor-section-boxed elementor-section-height-default elementor-section-height-default\" data-id=\"b3a05fd\" data-element_type=\"section\">\n\t\t\t\t\t\t<div class=\"elementor-container elementor-column-gap-default\">\n\t\t\t\t\t<div class=\"elementor-column elementor-col-100 elementor-top-column elementor-element elementor-element-5183108\" data-id=\"5183108\" data-element_type=\"column\">\n\t\t\t<div class=\"elementor-widget-wrap elementor-element-populated\">\n\t\t\t\t\t\t<div class=\"elementor-element elementor-element-d0ac55b elementor-widget elementor-widget-image\" data-id=\"d0ac55b\" data-element_type=\"widget\" data-widget_type=\"image.default\">\n\t\t\t\t<div class=\"elementor-widget-container\">\n\t\t\t\t\t\t\t\t\t\t\t\t\t\t\t<img fetchpriority=\"high\" decoding=\"async\" width=\"800\" height=\"534\" src=\"https:\/\/semearvalores.pt\/wp-content\/uploads\/2023\/04\/pexels-yan-krukau-6209809-1-1024x683.jpg\" class=\"attachment-large size-large wp-image-6023\" alt=\"\" srcset=\"https:\/\/semearvalores.pt\/wp-content\/uploads\/2023\/04\/pexels-yan-krukau-6209809-1-1024x683.jpg 1024w, https:\/\/semearvalores.pt\/wp-content\/uploads\/2023\/04\/pexels-yan-krukau-6209809-1-300x200.jpg 300w, https:\/\/semearvalores.pt\/wp-content\/uploads\/2023\/04\/pexels-yan-krukau-6209809-1-768x512.jpg 768w, https:\/\/semearvalores.pt\/wp-content\/uploads\/2023\/04\/pexels-yan-krukau-6209809-1-1536x1024.jpg 1536w, https:\/\/semearvalores.pt\/wp-content\/uploads\/2023\/04\/pexels-yan-krukau-6209809-1-2048x1365.jpg 2048w, https:\/\/semearvalores.pt\/wp-content\/uploads\/2023\/04\/pexels-yan-krukau-6209809-1-600x400.jpg 600w\" sizes=\"(max-width: 800px) 100vw, 800px\" \/>\t\t\t\t\t\t\t\t\t\t\t\t\t\t\t<\/div>\n\t\t\t\t<\/div>\n\t\t\t\t\t<\/div>\n\t\t<\/div>\n\t\t\t\t\t<\/div>\n\t\t<\/section>\n\t\t\t\t<section class=\"elementor-section elementor-top-section elementor-element elementor-element-8f2d194 elementor-section-boxed elementor-section-height-default elementor-section-height-default\" data-id=\"8f2d194\" data-element_type=\"section\">\n\t\t\t\t\t\t<div class=\"elementor-container elementor-column-gap-default\">\n\t\t\t\t\t<div class=\"elementor-column elementor-col-100 elementor-top-column elementor-element elementor-element-0c77847\" data-id=\"0c77847\" data-element_type=\"column\">\n\t\t\t<div class=\"elementor-widget-wrap elementor-element-populated\">\n\t\t\t\t\t\t<div class=\"elementor-element elementor-element-e9de1a8 elementor-widget elementor-widget-text-editor\" data-id=\"e9de1a8\" data-element_type=\"widget\" data-widget_type=\"text-editor.default\">\n\t\t\t\t<div class=\"elementor-widget-container\">\n\t\t\t\t\t\t\t\t\t<p><span style=\"font-weight: 400;\">Mar\u00e7o de 2023 ficou marcado como o m\u00eas em que o meu filho aprendeu a andar de bicicleta sem rodinhas! Uma verdadeira conquista, que se tornou ainda mais especial pelo facto de ele acreditar que n\u00e3o seria capaz &#8211; h\u00e1 j\u00e1 um ano que ele verbalizou esta cren\u00e7a. Enquanto pais, \u00e9 dif\u00edcil ouvirmos os nossos filhos dizerem \u201cN\u00e3o consigo!\u201d Fere-nos a alma! Mas quantas vezes verbalizamos tamb\u00e9m este tipo de pensamento &#8211; \u201cN\u00e3o vai dar!\u201d, \u201cIsso \u00e9 muito dif\u00edcil!\u201d &#8211;\u00a0 face \u00e0s dificuldades que nos surgem?<\/span><\/p><p><span style=\"font-weight: 400;\">Pois bem, este \u00e9 o mote para continuarmos empenhadas a trabalhar, primeiro em n\u00f3s, e depois nas crian\u00e7as o sucesso na aprendizagem atrav\u00e9s do mindset de crescimento!<\/span><\/p><p><i><span style=\"font-weight: 400;\">Patr\u00edcia Sarmento<\/span><\/i><\/p>\t\t\t\t\t\t\t\t<\/div>\n\t\t\t\t<\/div>\n\t\t\t\t\t<\/div>\n\t\t<\/div>\n\t\t\t\t\t<\/div>\n\t\t<\/section>\n\t\t\t\t<section class=\"elementor-section elementor-top-section elementor-element elementor-element-140b7bc elementor-section-boxed elementor-section-height-default elementor-section-height-default\" data-id=\"140b7bc\" data-element_type=\"section\">\n\t\t\t\t\t\t<div class=\"elementor-container elementor-column-gap-default\">\n\t\t\t\t\t<div class=\"elementor-column elementor-col-100 elementor-top-column elementor-element elementor-element-79b97e5\" data-id=\"79b97e5\" data-element_type=\"column\">\n\t\t\t<div class=\"elementor-widget-wrap elementor-element-populated\">\n\t\t\t\t\t\t<div class=\"elementor-element elementor-element-b527449 elementor-widget elementor-widget-text-editor\" data-id=\"b527449\" data-element_type=\"widget\" data-widget_type=\"text-editor.default\">\n\t\t\t\t<div class=\"elementor-widget-container\">\n\t\t\t\t\t\t\t\t\t<p><strong>Estimulando os jovens a acreditar no seu potencial!<\/strong><\/p><p><span style=\"font-weight: 400;\">Na sexta-feira passada tivemos a oportunidade de trabalhar este tema com todos os alunos que frequentam o 10\u00ba ano no Col\u00e9gio Valsassina! Foi muito bonito v\u00ea-los a abrirem-se \u00e0 possibilidade de contestar algumas cren\u00e7as sobre as suas capacidades para aquelas \u00e1reas em que se consideravam menos \u201captos\u201d e de gerarem novos pensamentos mais empoderadores!<\/span><\/p>\t\t\t\t\t\t\t\t<\/div>\n\t\t\t\t<\/div>\n\t\t\t\t\t<\/div>\n\t\t<\/div>\n\t\t\t\t\t<\/div>\n\t\t<\/section>\n\t\t\t\t<section class=\"elementor-section elementor-top-section elementor-element elementor-element-99e8bf9 elementor-section-boxed elementor-section-height-default elementor-section-height-default\" data-id=\"99e8bf9\" data-element_type=\"section\">\n\t\t\t\t\t\t<div class=\"elementor-container elementor-column-gap-default\">\n\t\t\t\t\t<div class=\"elementor-column elementor-col-100 elementor-top-column elementor-element elementor-element-ba18ef2\" data-id=\"ba18ef2\" data-element_type=\"column\">\n\t\t\t<div class=\"elementor-widget-wrap elementor-element-populated\">\n\t\t\t\t\t\t<div class=\"elementor-element elementor-element-906e3d6 elementor-widget elementor-widget-text-editor\" data-id=\"906e3d6\" data-element_type=\"widget\" data-widget_type=\"text-editor.default\">\n\t\t\t\t<div class=\"elementor-widget-container\">\n\t\t\t\t\t\t\t\t\t<p><span style=\"font-weight: 400;\">Se ficou entusiasmado\/a, podemos lev\u00e1-lo tamb\u00e9m \u00e0 sua escola ou, se preferir, pode aprender voc\u00ea mesmo(a)! Basta inscrever-se no <strong>webinar gratuito sobre a promo\u00e7\u00e3o do sucesso na aprendizagem<\/strong>, que prepar\u00e1mos para si no <\/span><b>dia 3 de abril, \u00e0s 12h<\/b><span style=\"font-weight: 400;\">! Apresse-se e inscreva-se <\/span><a href=\"https:\/\/forms.gle\/MsdezpVoFuWi9qNT6\"><span style=\"font-weight: 400;\">aqui<\/span><\/a><span style=\"font-weight: 400;\">, pois j\u00e1 restam poucas vagas!<\/span><\/p><p><span style=\"font-weight: 400;\">Este ser\u00e1 um aperitivo para o workshop online de <\/span><b>s\u00e1bado de manh\u00e3<\/b><span style=\"font-weight: 400;\">, dia <\/span><b>22 de abril<\/b><span style=\"font-weight: 400;\">! Se quer saber mais sobre este tema, garanta j\u00e1 a sua vaga e inscreva-se <\/span><a href=\"https:\/\/semearvalores.pt\/index.php\/product\/nao-consigo-ainda-cultivar-um-mindset-de-crescimento\/\"><span style=\"font-weight: 400;\">aqui<\/span><\/a><span style=\"font-weight: 400;\">!<\/span><\/p>\t\t\t\t\t\t\t\t<\/div>\n\t\t\t\t<\/div>\n\t\t\t\t\t<\/div>\n\t\t<\/div>\n\t\t\t\t\t<\/div>\n\t\t<\/section>\n\t\t\t\t<section class=\"elementor-section elementor-top-section elementor-element elementor-element-32c964e elementor-section-boxed elementor-section-height-default elementor-section-height-default\" data-id=\"32c964e\" data-element_type=\"section\">\n\t\t\t\t\t\t<div class=\"elementor-container elementor-column-gap-default\">\n\t\t\t\t\t<div class=\"elementor-column elementor-col-100 elementor-top-column elementor-element elementor-element-514ffeb\" data-id=\"514ffeb\" data-element_type=\"column\">\n\t\t\t<div class=\"elementor-widget-wrap elementor-element-populated\">\n\t\t\t\t\t\t<div class=\"elementor-element elementor-element-8c51732 elementor-widget elementor-widget-text-editor\" data-id=\"8c51732\" data-element_type=\"widget\" data-widget_type=\"text-editor.default\">\n\t\t\t\t<div class=\"elementor-widget-container\">\n\t\t\t\t\t\t\t\t\t<p><b>\u00c0 conversa com&#8230;<\/b><\/p><p><span style=\"font-weight: 400;\">Ainda em Mar\u00e7o tivemos a oportunidade de conversar com a psic\u00f3loga Ana Teresa Almeida, da Escola das Emo\u00e7\u00f5es, que partilhou connosco o que a levou a dedicar-se a trabalhar as emo\u00e7\u00f5es com crian\u00e7as e fam\u00edlias e as formas criativas como o faz! Assista no <\/span><a href=\"https:\/\/youtu.be\/7ysntIwaYGM\"><span style=\"font-weight: 400;\">Youtube<\/span><\/a><span style=\"font-weight: 400;\">, <\/span><a href=\"https:\/\/www.linkedin.com\/feed\/update\/urn:li:activity:7046837628121296898\"><span style=\"font-weight: 400;\">Linked In<\/span><\/a><span style=\"font-weight: 400;\"> ou <\/span><a href=\"https:\/\/www.instagram.com\/tv\/CqVUT-ep0Pj\/?igshid=YmMyMTA2M2Y=\"><span style=\"font-weight: 400;\">Instagram<\/span><\/a><span style=\"font-weight: 400;\">!<\/span><\/p>\t\t\t\t\t\t\t\t<\/div>\n\t\t\t\t<\/div>\n\t\t\t\t\t<\/div>\n\t\t<\/div>\n\t\t\t\t\t<\/div>\n\t\t<\/section>\n\t\t\t\t<\/div>\n\t\t","protected":false},"excerpt":{"rendered":"<p>O que \u00e9 que o aprender a andar de bicicleta tem a ver com um mindset de crescimento? Tudo!<br \/>\nDescubra o que and\u00e1mos a fazer com os jovens do Col\u00e9gio Valsassina em Lisboa e como pode levar estas aprendizagens para o seu contexto educativo!<br \/>\nPor fim, venha conhecer a Ana Teresa Almeida, da Escolas das Emo\u00e7\u00f5es! <\/p>\n","protected":false},"author":1,"featured_media":6023,"comment_status":"open","ping_status":"open","sticky":false,"template":"","format":"standard","meta":{"_jetpack_memberships_contains_paid_content":false,"footnotes":""},"categories":[40],"tags":[303,302,304,219,305,278],"class_list":["post-6010","post","type-post","status-publish","format-standard","has-post-thumbnail","hentry","category-newsletters","tag-alunos","tag-colegio-valsassina","tag-escola-das-emocoes","tag-mindset-de-crescimento","tag-promocao-do-sucesso-na-aprendizagem","tag-webinar"],"jetpack_featured_media_url":"https:\/\/semearvalores.pt\/wp-content\/uploads\/2023\/04\/pexels-yan-krukau-6209809-1-scaled.jpg","jetpack_sharing_enabled":true,"_links":{"self":[{"href":"https:\/\/semearvalores.pt\/index.php\/wp-json\/wp\/v2\/posts\/6010"}],"collection":[{"href":"https:\/\/semearvalores.pt\/index.php\/wp-json\/wp\/v2\/posts"}],"about":[{"href":"https:\/\/semearvalores.pt\/index.php\/wp-json\/wp\/v2\/types\/post"}],"author":[{"embeddable":true,"href":"https:\/\/semearvalores.pt\/index.php\/wp-json\/wp\/v2\/users\/1"}],"replies":[{"embeddable":true,"href":"https:\/\/semearvalores.pt\/index.php\/wp-json\/wp\/v2\/comments?post=6010"}],"version-history":[{"count":4,"href":"https:\/\/semearvalores.pt\/index.php\/wp-json\/wp\/v2\/posts\/6010\/revisions"}],"predecessor-version":[{"id":6027,"href":"https:\/\/semearvalores.pt\/index.php\/wp-json\/wp\/v2\/posts\/6010\/revisions\/6027"}],"wp:featuredmedia":[{"embeddable":true,"href":"https:\/\/semearvalores.pt\/index.php\/wp-json\/wp\/v2\/media\/6023"}],"wp:attachment":[{"href":"https:\/\/semearvalores.pt\/index.php\/wp-json\/wp\/v2\/media?parent=6010"}],"wp:term":[{"taxonomy":"category","embeddable":true,"href":"https:\/\/semearvalores.pt\/index.php\/wp-json\/wp\/v2\/categories?post=6010"},{"taxonomy":"post_tag","embeddable":true,"href":"https:\/\/semearvalores.pt\/index.php\/wp-json\/wp\/v2\/tags?post=6010"}],"curies":[{"name":"wp","href":"https:\/\/api.w.org\/{rel}","templated":true}]}}